{"id":9942,"date":"2026-01-22T12:47:38","date_gmt":"2026-01-22T09:47:38","guid":{"rendered":"https:\/\/www.greenpeace.org\/turkey\/?p=9942"},"modified":"2026-01-22T12:48:13","modified_gmt":"2026-01-22T09:48:13","slug":"greenpeace-kampanyasi-sonuc-verdi-260122","status":"publish","type":"post","link":"https:\/\/www.greenpeace.org\/turkey\/basin-bultenleri\/greenpeace-kampanyasi-sonuc-verdi-260122\/","title":{"rendered":"Greenpeace Kampanyas\u0131 Sonu\u00e7 Verdi: T\u00fcrkiye K\u00fcresel Okyanus Antla\u015fmas\u0131\u2019n\u0131 Onaylad\u0131, Antla\u015fma Y\u00fcr\u00fcrl\u00fckte\u00a0"},"content":{"rendered":"\n<p><strong>22 Ocak 2026, \u0130stanbul \u2013 <\/strong>Greenpeace T\u00fcrkiye\u2019nin ulusal s\u0131n\u0131rlar\u0131n \u00f6tesindeki do\u011fal alanlar\u0131 koruma f\u0131rsat\u0131 sunan K\u00fcresel Okyanus Antla\u015fmas\u0131\u2019n\u0131n onaylanmas\u0131 i\u00e7in s\u00fcrd\u00fcrd\u00fc\u011f\u00fc ve 10 binden fazla ki\u015finin imza verdi\u011fi <a href=\"https:\/\/imza.greenpeace.org\/okyanus\">kampanyas\u0131<\/a> kazan\u0131mla sonu\u00e7land\u0131. T\u00fcrkiye, okyanuslar\u0131n korunmas\u0131na y\u00f6nelik K\u00fcresel Okyanus Antla\u015fmas\u0131\u2019n\u0131 onaylad\u0131. Denizlerdeki biyo\u00e7e\u015fitlili\u011fin korunmas\u0131 i\u00e7in tarihi bir kazan\u0131m olan Antla\u015fma 17 Ocak\u2019ta y\u00fcr\u00fcrl\u00fc\u011fe girdi.&nbsp;<\/p>\n\n<p>Greenpeace T\u00fcrkiye, T\u00fcrkiye\u2019nin bu konuda sorumluluk \u00fcstlenmesini memnuniyetle kar\u015f\u0131lad\u0131\u011f\u0131n\u0131 belirtti. 2026\u2019da COP\u2019a ev sahipli\u011fi yapacak olan T\u00fcrkiye\u2019nin sadece imza atan de\u011fil, a\u00e7\u0131k denizlerde bilimsel temelli koruma alanlar\u0131n\u0131n olu\u015fturulmas\u0131 ve uygulanmas\u0131 i\u00e7in \u00e7al\u0131\u015fan bir \u00fclke olmas\u0131n\u0131 bekledi\u011fini ifade etti.<\/p>\n\n<h2 class=\"wp-block-heading\"><strong>Hali\u00e7\u2019ten gelen \u00e7a\u011fr\u0131 kar\u015f\u0131l\u0131k buldu<\/strong><\/h2>\n\n<figure class=\"wp-block-image size-large\"><img loading=\"lazy\" decoding=\"async\" width=\"1024\" height=\"677\" src=\"https:\/\/www.greenpeace.org\/static\/planet4-turkey-stateless\/2026\/01\/6c63b1bd-image-1024x677.jpeg\" alt=\"\" class=\"wp-image-9944\" srcset=\"https:\/\/www.greenpeace.org\/static\/planet4-turkey-stateless\/2026\/01\/6c63b1bd-image-1024x677.jpeg 1024w, https:\/\/www.greenpeace.org\/static\/planet4-turkey-stateless\/2026\/01\/6c63b1bd-image-300x198.jpeg 300w, https:\/\/www.greenpeace.org\/static\/planet4-turkey-stateless\/2026\/01\/6c63b1bd-image-768x508.jpeg 768w, https:\/\/www.greenpeace.org\/static\/planet4-turkey-stateless\/2026\/01\/6c63b1bd-image-510x337.jpeg 510w, https:\/\/www.greenpeace.org\/static\/planet4-turkey-stateless\/2026\/01\/6c63b1bd-image.jpeg 1400w\" sizes=\"auto, (max-width: 1024px) 100vw, 1024px\" \/><\/figure>\n\n<p>\u00a9 <em>Caner \u00d6zkan, Greenpeace<\/em><\/p>\n\n<p>Eyl\u00fcl 2023\u2019te Birle\u015fmi\u015f Milletler\u2019e \u00fcye olan \u00fclkelerden ilk imzalar\u0131 alan K\u00fcresel Okyanus Antla\u015fmas\u0131\u2019n\u0131n y\u00fcr\u00fcrl\u00fc\u011fe girmesi iki y\u0131ldan uzun zaman\u0131 ald\u0131. Greenpeace T\u00fcrkiye, 2024\u2019te Antla\u015fma\u2019ya imza veren T\u00fcrkiye\u2019nin Antla\u015fma\u2019y\u0131 onaylamas\u0131 i\u00e7in ba\u015flatt\u0131\u011f\u0131 kampanya kapsam\u0131nda Hali\u00e7\u2019te \u201cOkyanuslar\u0131 Koru\u201d pankart\u0131 a\u00e7arak T\u00fcrkiye\u2019yi K\u00fcresel Okyanus Antla\u015fmas\u0131\u2019n\u0131 onaylamaya <a href=\"https:\/\/www.greenpeace.org\/turkey\/basin-bultenleri\/greenpeace-turkiye-aktivistleri-kuresel-okyanus-antlasmasinin-onaylanmasi-cagrisiyla-halicte-pankart-acti-okyanuslari-koru\/\">\u00e7a\u011f\u0131rd\u0131<\/a>. \u0130stanbul Bo\u011faz\u0131\u2019nda pixelstick \u00e7al\u0131\u015fmas\u0131 yaparak, \u0130stanbul Bo\u011faz\u0131\u2019n\u0131n gece manzaras\u0131nda ortaya \u00e7\u0131kan balinalar, yunuslar ve vatozlarla K\u00fcresel Okyanus Antla\u015fmas\u0131\u2019n\u0131n onaylanmas\u0131 \u00e7a\u011fr\u0131s\u0131n\u0131 g\u00f6r\u00fcn\u00fcr k\u0131lmay\u0131 <a href=\"https:\/\/www.greenpeace.org\/turkey\/blog\/okyanus-canlilari-istanbuldan-seslendi-okyanus-antlasmasi-onaylansin\/\">ama\u00e7lad\u0131<\/a>. T\u00fcrkiye, imzadan bir y\u0131l sonra Antla\u015fma\u2019n\u0131n TBMM\u2019de uygun bulunmas\u0131 ve Cumhurba\u015fkanl\u0131\u011f\u0131 onay\u0131yla Resmi Gazete\u2019de yay\u0131mlanmas\u0131 ile birlikte okyanuslar\u0131n korunmas\u0131 i\u00e7in at\u0131lan bu tarihi ad\u0131m\u0131n par\u00e7as\u0131 oldu.<\/p>\n\n<p>Greenpeace T\u00fcrkiye Direkt\u00f6r\u00fc Berkan \u00d6zyer, \u201cOkyanuslar i\u00e7in y\u0131llard\u0131r s\u00fcrd\u00fcrd\u00fc\u011f\u00fcm\u00fcz m\u00fccadelenin ard\u0131ndan T\u00fcrkiye\u2019nin Antla\u015fma\u2019y\u0131 onaylamas\u0131 \u00f6nemli bir ad\u0131m. T\u00fcrkiye\u2019nin bu konuda sorumluluk \u00fcstlenmesini memnuniyetle kar\u015f\u0131l\u0131yoruz. Bununla birlikte Greenpeace olarak \u015funu hat\u0131rlatmak g\u00f6revimiz: \u0130mzalar tek ba\u015f\u0131na okyanuslar\u0131 kurtarmaz. Antla\u015fma y\u00fcr\u00fcrl\u00fc\u011fe girmesiyle as\u0131l zorlu s\u00fcre\u00e7 ba\u015flam\u0131\u015f oldu. 2026\u2019da COP\u2019a ev sahipli\u011fi de yapacak olan T\u00fcrkiye&#8217;den beklentimiz; sadece imza atan de\u011fil, a\u00e7\u0131k denizlerde bilimsel temelli koruma alanlar\u0131n\u0131n olu\u015fturulmas\u0131 ve uygulanmas\u0131 i\u00e7in \u00e7al\u0131\u015fan bir \u00fclke olmas\u0131\u201d diye konu\u015ftu.<\/p>\n\n<h2 class=\"wp-block-heading\"><strong>Antla\u015fma\u2019n\u0131n y\u00fcr\u00fcrl\u00fc\u011fe girmesi d\u00fcnya \u00e7ap\u0131nda kutland\u0131<\/strong><\/h2>\n\n<figure class=\"wp-block-image size-large\"><img loading=\"lazy\" decoding=\"async\" width=\"1024\" height=\"683\" src=\"https:\/\/www.greenpeace.org\/static\/planet4-turkey-stateless\/2026\/01\/27396ce5-gp0su80pu_medium-res-with-credit-line-1200px-1024x683.jpg\" alt=\"\" class=\"wp-image-9945\" srcset=\"https:\/\/www.greenpeace.org\/static\/planet4-turkey-stateless\/2026\/01\/27396ce5-gp0su80pu_medium-res-with-credit-line-1200px-1024x683.jpg 1024w, https:\/\/www.greenpeace.org\/static\/planet4-turkey-stateless\/2026\/01\/27396ce5-gp0su80pu_medium-res-with-credit-line-1200px-300x200.jpg 300w, https:\/\/www.greenpeace.org\/static\/planet4-turkey-stateless\/2026\/01\/27396ce5-gp0su80pu_medium-res-with-credit-line-1200px-768x512.jpg 768w, https:\/\/www.greenpeace.org\/static\/planet4-turkey-stateless\/2026\/01\/27396ce5-gp0su80pu_medium-res-with-credit-line-1200px-510x340.jpg 510w, https:\/\/www.greenpeace.org\/static\/planet4-turkey-stateless\/2026\/01\/27396ce5-gp0su80pu_medium-res-with-credit-line-1200px.jpg 1200w\" sizes=\"auto, (max-width: 1024px) 100vw, 1024px\" \/><figcaption class=\"wp-element-caption\">Greenpeace South East Asia works with an artist in Southern Leyte, The Philippines to create a mural to celebrate the Global Ocean Treaty coming into force on the 17th January 2026.<div class=\"credit icon-left\"> \u00a9 Juan Carlo Anacta \/ Greenpeac<\/div><\/figcaption><\/figure>\n\n<p>\u00a9 Juan Carlo Anacta \/ Greenpeace<\/p>\n\n<p>2026\u2019n\u0131n ilk g\u00fcnlerinde y\u00fcr\u00fcrl\u00fc\u011fe giren Antla\u015fma, Paris Anla\u015fmas\u0131&#8217;ndan bu yana en \u00f6nemli \u00e7evre mevzuat\u0131 olma \u00f6zelli\u011fi ta\u015f\u0131yor.&nbsp; \u015eu anda a\u00e7\u0131k denizlerin %0,9&#8217;u tamamen veya y\u00fcksek d\u00fczeyde korunuyor. Antla\u015fma, 2030\u2019a dek okyanuslar\u0131n en az %30\u2019unu koruma alt\u0131na almay\u0131 tan\u0131mlayan 30\u00d730 hedefine ula\u015fman\u0131n \u00f6nemli bir arac\u0131.&nbsp;<\/p>\n\n<p>K\u00fcresel Okyanus Antla\u015fmas\u0131, ilk kez a\u00e7\u0131k denizlerde koruma alanlar\u0131n\u0131n olu\u015fmas\u0131n\u0131 sa\u011flayacak. Bu koruma alanlar\u0131 iklim krizini hafifletmeye, biyolojik \u00e7e\u015fitlili\u011fin yok olmas\u0131n\u0131 durdurmaya ve okyanusa ba\u011f\u0131ml\u0131 milyarlarca insan\u0131n g\u0131da g\u00fcvenli\u011fini korumaya yard\u0131mc\u0131 olacak.<\/p>\n\n<p>K\u00fcresel Okyanus Antla\u015fmas\u0131\u2019n\u0131n resmi olarak y\u00fcr\u00fcrl\u00fc\u011fe girmesi, d\u00fcnya \u00e7ap\u0131nda sanat\u00e7\u0131lar taraf\u0131ndan sokak sanat\u0131yla kutland\u0131. Yirmi y\u0131ll\u0131k kampanyan\u0131n ard\u0131ndan gelen ba\u015far\u0131y\u0131 kutlamak i\u00e7in Greenpeace taraf\u0131ndan koordine edilen bu k\u00fcresel eylem, 30\u00d730 hedefine ula\u015fmak i\u00e7in geri say\u0131m\u0131n ba\u015flad\u0131\u011f\u0131na da i\u015faret etti.<\/p>\n\n<p><strong>Edit\u00f6re notlar:&nbsp;<\/strong><\/p>\n\n<ul class=\"wp-block-list\">\n<li>Antla\u015fman\u0131n tam ad\u0131: Ulusal Yetki Alanlar\u0131 D\u0131\u015f\u0131nda Kalan Denizlerdeki Biyo\u00e7e\u015fitlili\u011fin Korunmas\u0131 ve S\u00fcrd\u00fcr\u00fclebilir Kullan\u0131m\u0131na Dair Antla\u015fma (BBNJ Antla\u015fmas\u0131)<\/li>\n\n\n\n<li>Greenpeace T\u00fcrkiye\u2019nin konuyla ilgili kampanya sayfas\u0131na <a href=\"https:\/\/imza.greenpeace.org\/okyanus\">buradan<\/a> ula\u015fabilirsiniz.<\/li>\n<\/ul>\n\n<p><strong>Detayl\u0131 Bilgi i\u00e7in<\/strong><\/p>\n\n<p>Berkan \u00d6zyer, Greenpeace T\u00fcrkiye Direkt\u00f6r\u00fc, <a href=\"mailto:bozyer@greenpeace.org\">bozyer@greenpeace.org<\/a>Beyza Kural, Greenpeace T\u00fcrkiye \u0130leti\u015fim Sorumlusu, <a href=\"mailto:beyza.kural@greenpeace.org\">bkural@greenpeace.org<\/a><\/p>\n","protected":false},"excerpt":{"rendered":"<p>22 Ocak 2026, \u0130stanbul \u2013 Greenpeace T\u00fcrkiye\u2019nin ulusal s\u0131n\u0131rlar\u0131n \u00f6tesindeki do\u011fal alanlar\u0131 koruma f\u0131rsat\u0131 sunan K\u00fcresel Okyanus Antla\u015fmas\u0131\u2019n\u0131n onaylanmas\u0131 i\u00e7in s\u00fcrd\u00fcrd\u00fc\u011f\u00fc ve 10 binden fazla ki\u015finin imza verdi\u011fi kampanyas\u0131 kazan\u0131mla&hellip;<\/p>\n","protected":false},"author":41,"featured_media":9944,"comment_status":"closed","ping_status":"open","sticky":false,"template":"","format":"standard","meta":{"ep_exclude_from_search":false,"p4_og_title":"","p4_og_description":"","p4_og_image":"","p4_og_image_id":"","p4_seo_canonical_url":"","p4_campaign_name":"","p4_local_project":"","p4_basket_name":"","p4_department":"","footnotes":""},"categories":[3,5],"tags":[20],"p4-page-type":[14],"class_list":["post-9942","post","type-post","status-publish","format-standard","has-post-thumbnail","hentry","category-biyocesitlilik-doga","category-sorunlar-ve-cozumler","tag-okyanuslar","p4-page-type-basin-bultenleri"],"_links":{"self":[{"href":"https:\/\/www.greenpeace.org\/turkey\/wp-json\/wp\/v2\/posts\/9942","targetHints":{"allow":["GET"]}}],"collection":[{"href":"https:\/\/www.greenpeace.org\/turkey\/wp-json\/wp\/v2\/posts"}],"about":[{"href":"https:\/\/www.greenpeace.org\/turkey\/wp-json\/wp\/v2\/types\/post"}],"author":[{"embeddable":true,"href":"https:\/\/www.greenpeace.org\/turkey\/wp-json\/wp\/v2\/users\/41"}],"replies":[{"embeddable":true,"href":"https:\/\/www.greenpeace.org\/turkey\/wp-json\/wp\/v2\/comments?post=9942"}],"version-history":[{"count":1,"href":"https:\/\/www.greenpeace.org\/turkey\/wp-json\/wp\/v2\/posts\/9942\/revisions"}],"predecessor-version":[{"id":9946,"href":"https:\/\/www.greenpeace.org\/turkey\/wp-json\/wp\/v2\/posts\/9942\/revisions\/9946"}],"wp:featuredmedia":[{"embeddable":true,"href":"https:\/\/www.greenpeace.org\/turkey\/wp-json\/wp\/v2\/media\/9944"}],"wp:attachment":[{"href":"https:\/\/www.greenpeace.org\/turkey\/wp-json\/wp\/v2\/media?parent=9942"}],"wp:term":[{"taxonomy":"category","embeddable":true,"href":"https:\/\/www.greenpeace.org\/turkey\/wp-json\/wp\/v2\/categories?post=9942"},{"taxonomy":"post_tag","embeddable":true,"href":"https:\/\/www.greenpeace.org\/turkey\/wp-json\/wp\/v2\/tags?post=9942"},{"taxonomy":"p4-page-type","embeddable":true,"href":"https:\/\/www.greenpeace.org\/turkey\/wp-json\/wp\/v2\/p4-page-type?post=9942"}],"curies":[{"name":"wp","href":"https:\/\/api.w.org\/{rel}","templated":true}]}}