{"id":9959,"date":"2026-02-16T14:44:53","date_gmt":"2026-02-16T11:44:53","guid":{"rendered":"https:\/\/www.greenpeace.org\/turkey\/?p=9959"},"modified":"2026-02-16T14:44:55","modified_gmt":"2026-02-16T11:44:55","slug":"duyuru","status":"publish","type":"post","link":"https:\/\/www.greenpeace.org\/turkey\/basin-bultenleri\/duyuru\/","title":{"rendered":"Duyuru"},"content":{"rendered":"\n<p>YouTube\u2019da yay\u0131mlanan ve Greenpeace T\u00fcrkiye\u2019nin belirli markalara ili\u015fkin su analizleri yapt\u0131\u011f\u0131 iddias\u0131n\u0131 i\u00e7eren bir video hakk\u0131nda kamuoyunu bilgilendirmek isteriz. <\/p>\n\n<p>Greenpeace T\u00fcrkiye\u2019nin s\u00f6z konusu tarihlerde bu i\u00e7erikte belirtilen \u015fekilde bir su ara\u015ft\u0131rmas\u0131 bulunmamaktad\u0131r. Videoda aktar\u0131lan veriler ve iddialar kurumumuza ait de\u011fildir.<\/p>\n","protected":false},"excerpt":{"rendered":"<p>YouTube\u2019da yay\u0131mlanan ve Greenpeace T\u00fcrkiye\u2019nin belirli markalara ili\u015fkin su analizleri yapt\u0131\u011f\u0131 iddias\u0131n\u0131 i\u00e7eren bir video hakk\u0131nda kamuoyunu bilgilendirmek isteriz.<\/p>\n","protected":false},"author":41,"featured_media":9960,"comment_status":"closed","ping_status":"open","sticky":false,"template":"","format":"standard","meta":{"ep_exclude_from_search":false,"p4_og_title":"","p4_og_description":"","p4_og_image":"","p4_og_image_id":"","p4_seo_canonical_url":"","p4_campaign_name":"","p4_local_project":"","p4_basket_name":"","p4_department":"","footnotes":""},"categories":[1],"tags":[],"p4-page-type":[],"class_list":["post-9959","post","type-post","status-publish","format-standard","has-post-thumbnail","hentry","category-uncategorized"],"_links":{"self":[{"href":"https:\/\/www.greenpeace.org\/turkey\/wp-json\/wp\/v2\/posts\/9959","targetHints":{"allow":["GET"]}}],"collection":[{"href":"https:\/\/www.greenpeace.org\/turkey\/wp-json\/wp\/v2\/posts"}],"about":[{"href":"https:\/\/www.greenpeace.org\/turkey\/wp-json\/wp\/v2\/types\/post"}],"author":[{"embeddable":true,"href":"https:\/\/www.greenpeace.org\/turkey\/wp-json\/wp\/v2\/users\/41"}],"replies":[{"embeddable":true,"href":"https:\/\/www.greenpeace.org\/turkey\/wp-json\/wp\/v2\/comments?post=9959"}],"version-history":[{"count":1,"href":"https:\/\/www.greenpeace.org\/turkey\/wp-json\/wp\/v2\/posts\/9959\/revisions"}],"predecessor-version":[{"id":9961,"href":"https:\/\/www.greenpeace.org\/turkey\/wp-json\/wp\/v2\/posts\/9959\/revisions\/9961"}],"wp:featuredmedia":[{"embeddable":true,"href":"https:\/\/www.greenpeace.org\/turkey\/wp-json\/wp\/v2\/media\/9960"}],"wp:attachment":[{"href":"https:\/\/www.greenpeace.org\/turkey\/wp-json\/wp\/v2\/media?parent=9959"}],"wp:term":[{"taxonomy":"category","embeddable":true,"href":"https:\/\/www.greenpeace.org\/turkey\/wp-json\/wp\/v2\/categories?post=9959"},{"taxonomy":"post_tag","embeddable":true,"href":"https:\/\/www.greenpeace.org\/turkey\/wp-json\/wp\/v2\/tags?post=9959"},{"taxonomy":"p4-page-type","embeddable":true,"href":"https:\/\/www.greenpeace.org\/turkey\/wp-json\/wp\/v2\/p4-page-type?post=9959"}],"curies":[{"name":"wp","href":"https:\/\/api.w.org\/{rel}","templated":true}]}}