{"id":2979,"date":"2022-04-08T00:00:00","date_gmt":"2022-04-08T00:00:00","guid":{"rendered":"http:\/\/www-prod.greenpeace.org\/usa\/campaign-updates\/2979\/amazon-deforestation-alerts-record-312km%c2%b2-for-march-2022-and-hit-highest-quarterly-rate\/"},"modified":"2025-04-23T00:18:21","modified_gmt":"2025-04-23T00:18:21","slug":"amazon-deforestation-alerts-record-312km%c2%b2-for-march-2022-and-hit-highest-quarterly-rate","status":"publish","type":"post","link":"https:\/\/www.greenpeace.org\/usa\/amazon-deforestation-alerts-record-312km%c2%b2-for-march-2022-and-hit-highest-quarterly-rate\/","title":{"rendered":"Amazon deforestation alerts record 312km\u00b2 for March 2022 and hit highest quarterly rate"},"content":{"rendered":"<p><span class=\"p4subtitle\">In the first quarter of 2022, an area of 941km\u00b2 was deforested, a record 64 percent increase compared to the same period last year<\/span><br \/>\n<span class=\"p4descriptive_paragraph\">\u201cWithout respecting the rights of Indigenous Peoples, there is no mitigation of climate change.\u201d<\/span><\/p>\n<figure class=\"wp-block-image size-large p4featured_image\"><img decoding=\"async\" src=\"https:\/\/storage.googleapis.com\/planet4-usa-stateless\/2024\/12\/4c5d1501-gp1sxabj_web_size.jpg\" alt=\"Deforestation of Public Non-Destined Forests in the Amazon in BrazilDesmatamento de Floresta P\u00fablica N\u00e3o Destinada na Amaz\u00f4nia\" \/><figcaption class=\"wp-element-caption\">Aerial imagem of an overflight for monitoring deforestation in the Amazon, in L\u00e1brea, Amazonas state, on March 26th, 2022.<br \/>\nImagem a\u00e9rea de sobrevoo de monitoramento de desmatamento na Amaz\u00f4nia no munic\u00edpio de L\u00e1brea, Amazonas, realizado em 26 de mar\u00e7o de 2022.<\/figcaption><\/figure>\n<p>In the first quarter of 2022, an area of 941km\u00b2 was deforested, a record 64 percent increase compared to the same period last year<\/p>\n<p>\u201cWithout respecting the rights of Indigenous Peoples, there is no mitigation of climate change.\u201d<\/p>\n<p><b>Manaus, Brazil \u2014 <\/b><span style=\"font-weight: 400;\">Deforestation<\/span> <span style=\"font-weight: 400;\">data alerts released today by the Deter system of the Space Research Institute (Inpe), cover 312 km\u00b2 (120 mi\u00b2) of the Amazon between March 1 and 31st. This is a 15 percent reduction in deforestation compared to the data reported for March 2021. Despite the minor decrease for the month of March, forest destruction for the\u00a0 first quarter (January to March) of 2022 covers 941 km\u00b2 (363 mi\u00b2) \u2014 a 64 percent increase compared to the same period last year.\u00a0<\/span><\/p>\n<p><b><i>Find exclusive Amazon deforestation images from Greenpeace Brazil <\/i><\/b><a href=\"https:\/\/media.greenpeace.org\/shoot\/27MDHUHTXPZC\"><b><i>here<\/i><\/b><\/a> <b>a<\/b><b><i>nd Free Land Camp<\/i><\/b> <a href=\"https:\/\/media.greenpeace.org\/CS.aspx?VP3=SearchResult&amp;VBID=27MDQY8UDTHWR&amp;SMLS=1&amp;RW=1280&amp;RH=577\"><b><i>here.<\/i><\/b><\/a><\/p>\n<p><span style=\"font-weight: 400;\">On April 4, 2022, the working group III published its contribution to the sixth report (AR6) of the Intergovernmental Panel on Climate Change (IPCC) on mitigating emissions by looking at sources of emissions, commitments, and previous efforts. In the report, Brazil\u2019s past experience in reducing deforestation between 2004 and 2015 is referred to as a \u201csign of progress\u201d and the Action Plan for the Prevention and Control of Deforestation in the Amazon (PPCDAM) \u2014 shelved by the current government \u2014 is presented as \u201ca case study of integration for sectoral transition,\u201d while acknowledging the degradation of environmental governance as a barrier.<\/span><\/p>\n<p><span style=\"font-weight: 400;\">\u201cConserving forests and other ecosystems is among the solutions identified by the IPCC to limit global warming to 1.5\u00baC. However, Brazil, which has all the requirements to be a climate leader, has a federal administration that deliberately walks in the opposite direction, acting in a way that is incompatible with the warnings of science. Stepping back in environmental management has been a clear objective in recent years, and the results are evident in the deforestation alerts of the first quarter of 2022 and in the deforestation records in previous years,\u201d <\/span><b>said Cristiane Mazzetti, Amazon Campaigner for Greenpeace Brazil.<\/b><\/p>\n<p><span style=\"font-weight: 400;\">According to an analysis by Greenpeace Brazil, only in Indigenous Lands, the area with deforestation alerts registered in the first quarter of 2022 (amounting to 749 hectares until March 25th) had an increase of 52 percent in relation to the same period (considering March closed with 493 hectares) in 2021. Deforestation in these regions should be zero, but these areas have suffered from invasions by land grabbers and prospectors. Currently, more than 7,000 Indigenous Peoples from 200 ethnic groups are organized in the<\/span> <a href=\"https:\/\/docs.google.com\/document\/d\/1j4lFc7JThXrph8UzuDrbnbFrSeM1EPSEZXw58pftlmo\/edit#\"><span style=\"font-weight: 400;\">Free Land Camp 2022<\/span><\/a><span style=\"font-weight: 400;\"> (ATL) in Bras\u00edlia (DF), to demand the demarcation and defense of their territories and protest against the anti-Indigenous agenda currently trending in the National Congress, such as Bill 191\/2020, which aims to open up Indigenous lands for mining.<\/span><\/p>\n<p><span style=\"font-weight: 400;\">\u201cWithout respecting the rights of Indigenous Peoples, there is no mitigation of climate change, any serious ruler and politician should at least honor the constitution and guarantee the rights of Indigenous Peoples, in addition to promoting the recognition of Indigenous territories, a strategy that has already proven to be effective to reduce deforestation, but what we see is the opposite of that with projects that promotes exploitation in Indigenous lands and the total stoppage of demarcation,\u201d concludes Mazzetti.<\/span><\/p>\n<p><b>Contact:<\/b><\/p>\n<p><span style=\"font-weight: 400;\">Karen Mota, Press Officer, Greenpeace Brazil: +55 11 97252-6867, <\/span><a href=\"mailto:karen.mota@greenpeace.org\"><span style=\"font-weight: 400;\">karen.mota@greenpeace.org<\/span><\/a><\/p>\n","protected":false},"excerpt":{"rendered":"<p>In the first quarter of 2022, an area of 941km\u00b2 was deforested, a record 64 percent increase compared to the same period last year &#8220;Without respecting the rights of Indigenous&hellip;<\/p>\n","protected":false},"author":68,"featured_media":5580,"comment_status":"closed","ping_status":"closed","sticky":false,"template":"","format":"standard","meta":{"om_disable_all_campaigns":false,"ep_exclude_from_search":false,"p4_og_title":"","p4_og_description":"","p4_og_image":"","p4_og_image_id":"","p4_seo_canonical_url":"","p4_campaign_name":"","p4_local_project":"","p4_basket_name":"","p4_department":"","footnotes":""},"categories":[233],"tags":[99,54,39,77],"p4-page-type":[33],"class_list":["post-2979","post","type-post","status-publish","format-standard","has-post-thumbnail","hentry","category-brazil-amazon","tag-forests","tag-brazil","tag-amazon","tag-deforestation","p4-page-type-press-release"],"yoast_head":"<!-- This site is optimized with the Yoast SEO Premium plugin v23.9 (Yoast SEO v23.9) - https:\/\/yoast.com\/wordpress\/plugins\/seo\/ -->\n<title>Amazon deforestation alerts record 312km\u00b2 for March 2022 and hit highest quarterly rate - Greenpeace<\/title>\n<meta name=\"robots\" content=\"index, follow, max-snippet:-1, max-image-preview:large, max-video-preview:-1\" \/>\n<link rel=\"canonical\" href=\"https:\/\/www.greenpeace.org\/usa\/amazon-deforestation-alerts-record-312km\u00b2-for-march-2022-and-hit-highest-quarterly-rate\/\" \/>\n<meta property=\"og:locale\" content=\"en_US\" \/>\n<meta property=\"og:type\" content=\"article\" \/>\n<meta property=\"og:title\" content=\"Amazon deforestation alerts record 312km\u00b2 for March 2022 and hit highest quarterly rate\" \/>\n<meta property=\"og:description\" content=\"In the first quarter of 2022, an area of 941km\u00b2 was deforested, a record 64 percent increase compared to the same period last year &#8220;Without respecting the rights of Indigenous&hellip;\" \/>\n<meta property=\"og:url\" content=\"https:\/\/www.greenpeace.org\/usa\/amazon-deforestation-alerts-record-312km\u00b2-for-march-2022-and-hit-highest-quarterly-rate\/\" \/>\n<meta property=\"og:site_name\" content=\"Greenpeace\" \/>\n<meta property=\"article:publisher\" content=\"https:\/\/www.facebook.com\/greenpeaceusa\" \/>\n<meta property=\"article:published_time\" content=\"2022-04-08T00:00:00+00:00\" \/>\n<meta property=\"article:modified_time\" content=\"2025-04-23T00:18:21+00:00\" \/>\n<meta property=\"og:image\" content=\"https:\/\/www.greenpeace.org\/static\/planet4-usa-stateless\/2024\/11\/14b0aa2e-gp0stpoe5-amazon-brazil-hero.jpg\" \/>\n\t<meta property=\"og:image:width\" content=\"800\" \/>\n\t<meta property=\"og:image:height\" content=\"532\" \/>\n\t<meta property=\"og:image:type\" content=\"image\/jpeg\" \/>\n<meta name=\"twitter:card\" content=\"summary_large_image\" \/>\n<meta name=\"twitter:creator\" content=\"@greenpeaceusa\" \/>\n<meta name=\"twitter:site\" content=\"@greenpeaceusa\" \/>\n<meta name=\"twitter:label1\" content=\"Written by\" \/>\n\t<meta name=\"twitter:data1\" content=\"Katie Nelson\" \/>\n\t<meta name=\"twitter:label2\" content=\"Est. reading time\" \/>\n\t<meta name=\"twitter:data2\" content=\"3 minutes\" \/>\n<script type=\"application\/ld+json\" class=\"yoast-schema-graph\">{\"@context\":\"https:\/\/schema.org\",\"@graph\":[{\"@type\":\"Article\",\"@id\":\"https:\/\/www.greenpeace.org\/usa\/amazon-deforestation-alerts-record-312km%c2%b2-for-march-2022-and-hit-highest-quarterly-rate\/#article\",\"isPartOf\":{\"@id\":\"https:\/\/www.greenpeace.org\/usa\/amazon-deforestation-alerts-record-312km%c2%b2-for-march-2022-and-hit-highest-quarterly-rate\/\"},\"author\":{\"name\":\"Katie Nelson\",\"@id\":\"https:\/\/www.greenpeace.org\/usa\/#\/schema\/person\/a26fda4d58e0feb1ff16209a6aa5b1ed\"},\"headline\":\"Amazon deforestation alerts record 312km\u00b2 for March 2022 and hit highest quarterly rate\",\"datePublished\":\"2022-04-08T00:00:00+00:00\",\"dateModified\":\"2025-04-23T00:18:21+00:00\",\"mainEntityOfPage\":{\"@id\":\"https:\/\/www.greenpeace.org\/usa\/amazon-deforestation-alerts-record-312km%c2%b2-for-march-2022-and-hit-highest-quarterly-rate\/\"},\"wordCount\":616,\"publisher\":{\"@id\":\"https:\/\/www.greenpeace.org\/usa\/#organization\"},\"image\":{\"@id\":\"https:\/\/www.greenpeace.org\/usa\/amazon-deforestation-alerts-record-312km%c2%b2-for-march-2022-and-hit-highest-quarterly-rate\/#primaryimage\"},\"thumbnailUrl\":\"https:\/\/www.greenpeace.org\/static\/planet4-usa-stateless\/2024\/11\/14b0aa2e-gp0stpoe5-amazon-brazil-hero.jpg\",\"keywords\":[\"Forests\",\"Brazil\",\"Amazon\",\"Deforestation\"],\"articleSection\":[\"Brazilian Amazon\"],\"inLanguage\":\"en-US\"},{\"@type\":\"WebPage\",\"@id\":\"https:\/\/www.greenpeace.org\/usa\/amazon-deforestation-alerts-record-312km%c2%b2-for-march-2022-and-hit-highest-quarterly-rate\/\",\"url\":\"https:\/\/www.greenpeace.org\/usa\/amazon-deforestation-alerts-record-312km%c2%b2-for-march-2022-and-hit-highest-quarterly-rate\/\",\"name\":\"Amazon deforestation alerts record 312km\u00b2 for March 2022 and hit highest quarterly rate - Greenpeace\",\"isPartOf\":{\"@id\":\"https:\/\/www.greenpeace.org\/usa\/#website\"},\"primaryImageOfPage\":{\"@id\":\"https:\/\/www.greenpeace.org\/usa\/amazon-deforestation-alerts-record-312km%c2%b2-for-march-2022-and-hit-highest-quarterly-rate\/#primaryimage\"},\"image\":{\"@id\":\"https:\/\/www.greenpeace.org\/usa\/amazon-deforestation-alerts-record-312km%c2%b2-for-march-2022-and-hit-highest-quarterly-rate\/#primaryimage\"},\"thumbnailUrl\":\"https:\/\/www.greenpeace.org\/static\/planet4-usa-stateless\/2024\/11\/14b0aa2e-gp0stpoe5-amazon-brazil-hero.jpg\",\"datePublished\":\"2022-04-08T00:00:00+00:00\",\"dateModified\":\"2025-04-23T00:18:21+00:00\",\"breadcrumb\":{\"@id\":\"https:\/\/www.greenpeace.org\/usa\/amazon-deforestation-alerts-record-312km%c2%b2-for-march-2022-and-hit-highest-quarterly-rate\/#breadcrumb\"},\"inLanguage\":\"en-US\",\"potentialAction\":[{\"@type\":\"ReadAction\",\"target\":[\"https:\/\/www.greenpeace.org\/usa\/amazon-deforestation-alerts-record-312km%c2%b2-for-march-2022-and-hit-highest-quarterly-rate\/\"]}]},{\"@type\":\"ImageObject\",\"inLanguage\":\"en-US\",\"@id\":\"https:\/\/www.greenpeace.org\/usa\/amazon-deforestation-alerts-record-312km%c2%b2-for-march-2022-and-hit-highest-quarterly-rate\/#primaryimage\",\"url\":\"https:\/\/www.greenpeace.org\/static\/planet4-usa-stateless\/2024\/11\/14b0aa2e-gp0stpoe5-amazon-brazil-hero.jpg\",\"contentUrl\":\"https:\/\/www.greenpeace.org\/static\/planet4-usa-stateless\/2024\/11\/14b0aa2e-gp0stpoe5-amazon-brazil-hero.jpg\",\"width\":800,\"height\":532},{\"@type\":\"BreadcrumbList\",\"@id\":\"https:\/\/www.greenpeace.org\/usa\/amazon-deforestation-alerts-record-312km%c2%b2-for-march-2022-and-hit-highest-quarterly-rate\/#breadcrumb\",\"itemListElement\":[{\"@type\":\"ListItem\",\"position\":1,\"name\":\"Home\",\"item\":\"https:\/\/www.greenpeace.org\/usa\/\"},{\"@type\":\"ListItem\",\"position\":2,\"name\":\"Amazon deforestation alerts record 312km\u00b2 for March 2022 and hit highest quarterly rate\"}]},{\"@type\":\"WebSite\",\"@id\":\"https:\/\/www.greenpeace.org\/usa\/#website\",\"url\":\"https:\/\/www.greenpeace.org\/usa\/\",\"name\":\"Greenpeace USA\",\"description\":\"Greenpeace\",\"publisher\":{\"@id\":\"https:\/\/www.greenpeace.org\/usa\/#organization\"},\"potentialAction\":[{\"@type\":\"SearchAction\",\"target\":{\"@type\":\"EntryPoint\",\"urlTemplate\":\"https:\/\/www.greenpeace.org\/usa\/?s={search_term_string}\"},\"query-input\":{\"@type\":\"PropertyValueSpecification\",\"valueRequired\":true,\"valueName\":\"search_term_string\"}}],\"inLanguage\":\"en-US\"},{\"@type\":\"Organization\",\"@id\":\"https:\/\/www.greenpeace.org\/usa\/#organization\",\"name\":\"Greenpeace USA\",\"url\":\"https:\/\/www.greenpeace.org\/usa\/\",\"logo\":{\"@type\":\"ImageObject\",\"inLanguage\":\"en-US\",\"@id\":\"https:\/\/www.greenpeace.org\/usa\/#\/schema\/logo\/image\/\",\"url\":\"https:\/\/www.greenpeace.org\/static\/planet4-usa-stateless\/2024\/11\/cd951b96-greenpeace-logo-1.png\",\"contentUrl\":\"https:\/\/www.greenpeace.org\/static\/planet4-usa-stateless\/2024\/11\/cd951b96-greenpeace-logo-1.png\",\"width\":299,\"height\":51,\"caption\":\"Greenpeace USA\"},\"image\":{\"@id\":\"https:\/\/www.greenpeace.org\/usa\/#\/schema\/logo\/image\/\"},\"sameAs\":[\"https:\/\/www.facebook.com\/greenpeaceusa\",\"https:\/\/x.com\/greenpeaceusa\",\"https:\/\/www.instagram.com\/greenpeaceusa\/\"],\"description\":\"Greenpeace USA is committed to transforming the country\u2019s unjust social, environmental, and economic systems from the ground up to address the climate crisis, safeguard our planet for future generations, advance racial justice, and build an economy that puts people over profits.\",\"email\":\"connect@greenpeace.us\",\"telephone\":\"1-800-722-6995\"},{\"@type\":\"Person\",\"@id\":\"https:\/\/www.greenpeace.org\/usa\/#\/schema\/person\/a26fda4d58e0feb1ff16209a6aa5b1ed\",\"name\":\"Katie Nelson\",\"image\":{\"@type\":\"ImageObject\",\"inLanguage\":\"en-US\",\"@id\":\"https:\/\/www.greenpeace.org\/usa\/#\/schema\/person\/image\/\",\"url\":\"https:\/\/lh3.googleusercontent.com\/a\/ACg8ocL_3coFKMeZQWra9WK9KBMWZBIXsGcRPkjeb7gQy07QmmCivS9n=s96-c\",\"contentUrl\":\"https:\/\/lh3.googleusercontent.com\/a\/ACg8ocL_3coFKMeZQWra9WK9KBMWZBIXsGcRPkjeb7gQy07QmmCivS9n=s96-c\",\"caption\":\"Katie Nelson\"},\"url\":\"https:\/\/www.greenpeace.org\/usa\/author\/knelson\/\"}]}<\/script>\n<!-- \/ Yoast SEO Premium plugin. -->","yoast_head_json":{"title":"Amazon deforestation alerts record 312km\u00b2 for March 2022 and hit highest quarterly rate - Greenpeace","robots":{"index":"index","follow":"follow","max-snippet":"max-snippet:-1","max-image-preview":"max-image-preview:large","max-video-preview":"max-video-preview:-1"},"canonical":"https:\/\/www.greenpeace.org\/usa\/amazon-deforestation-alerts-record-312km\u00b2-for-march-2022-and-hit-highest-quarterly-rate\/","og_locale":"en_US","og_type":"article","og_title":"Amazon deforestation alerts record 312km\u00b2 for March 2022 and hit highest quarterly rate","og_description":"In the first quarter of 2022, an area of 941km\u00b2 was deforested, a record 64 percent increase compared to the same period last year &#8220;Without respecting the rights of Indigenous&hellip;","og_url":"https:\/\/www.greenpeace.org\/usa\/amazon-deforestation-alerts-record-312km\u00b2-for-march-2022-and-hit-highest-quarterly-rate\/","og_site_name":"Greenpeace","article_publisher":"https:\/\/www.facebook.com\/greenpeaceusa","article_published_time":"2022-04-08T00:00:00+00:00","article_modified_time":"2025-04-23T00:18:21+00:00","og_image":[{"width":800,"height":532,"url":"https:\/\/www.greenpeace.org\/static\/planet4-usa-stateless\/2024\/11\/14b0aa2e-gp0stpoe5-amazon-brazil-hero.jpg","type":"image\/jpeg"}],"twitter_card":"summary_large_image","twitter_creator":"@greenpeaceusa","twitter_site":"@greenpeaceusa","twitter_misc":{"Written by":"Katie Nelson","Est. reading time":"3 minutes"},"schema":{"@context":"https:\/\/schema.org","@graph":[{"@type":"Article","@id":"https:\/\/www.greenpeace.org\/usa\/amazon-deforestation-alerts-record-312km%c2%b2-for-march-2022-and-hit-highest-quarterly-rate\/#article","isPartOf":{"@id":"https:\/\/www.greenpeace.org\/usa\/amazon-deforestation-alerts-record-312km%c2%b2-for-march-2022-and-hit-highest-quarterly-rate\/"},"author":{"name":"Katie Nelson","@id":"https:\/\/www.greenpeace.org\/usa\/#\/schema\/person\/a26fda4d58e0feb1ff16209a6aa5b1ed"},"headline":"Amazon deforestation alerts record 312km\u00b2 for March 2022 and hit highest quarterly rate","datePublished":"2022-04-08T00:00:00+00:00","dateModified":"2025-04-23T00:18:21+00:00","mainEntityOfPage":{"@id":"https:\/\/www.greenpeace.org\/usa\/amazon-deforestation-alerts-record-312km%c2%b2-for-march-2022-and-hit-highest-quarterly-rate\/"},"wordCount":616,"publisher":{"@id":"https:\/\/www.greenpeace.org\/usa\/#organization"},"image":{"@id":"https:\/\/www.greenpeace.org\/usa\/amazon-deforestation-alerts-record-312km%c2%b2-for-march-2022-and-hit-highest-quarterly-rate\/#primaryimage"},"thumbnailUrl":"https:\/\/www.greenpeace.org\/static\/planet4-usa-stateless\/2024\/11\/14b0aa2e-gp0stpoe5-amazon-brazil-hero.jpg","keywords":["Forests","Brazil","Amazon","Deforestation"],"articleSection":["Brazilian Amazon"],"inLanguage":"en-US"},{"@type":"WebPage","@id":"https:\/\/www.greenpeace.org\/usa\/amazon-deforestation-alerts-record-312km%c2%b2-for-march-2022-and-hit-highest-quarterly-rate\/","url":"https:\/\/www.greenpeace.org\/usa\/amazon-deforestation-alerts-record-312km%c2%b2-for-march-2022-and-hit-highest-quarterly-rate\/","name":"Amazon deforestation alerts record 312km\u00b2 for March 2022 and hit highest quarterly rate - Greenpeace","isPartOf":{"@id":"https:\/\/www.greenpeace.org\/usa\/#website"},"primaryImageOfPage":{"@id":"https:\/\/www.greenpeace.org\/usa\/amazon-deforestation-alerts-record-312km%c2%b2-for-march-2022-and-hit-highest-quarterly-rate\/#primaryimage"},"image":{"@id":"https:\/\/www.greenpeace.org\/usa\/amazon-deforestation-alerts-record-312km%c2%b2-for-march-2022-and-hit-highest-quarterly-rate\/#primaryimage"},"thumbnailUrl":"https:\/\/www.greenpeace.org\/static\/planet4-usa-stateless\/2024\/11\/14b0aa2e-gp0stpoe5-amazon-brazil-hero.jpg","datePublished":"2022-04-08T00:00:00+00:00","dateModified":"2025-04-23T00:18:21+00:00","breadcrumb":{"@id":"https:\/\/www.greenpeace.org\/usa\/amazon-deforestation-alerts-record-312km%c2%b2-for-march-2022-and-hit-highest-quarterly-rate\/#breadcrumb"},"inLanguage":"en-US","potentialAction":[{"@type":"ReadAction","target":["https:\/\/www.greenpeace.org\/usa\/amazon-deforestation-alerts-record-312km%c2%b2-for-march-2022-and-hit-highest-quarterly-rate\/"]}]},{"@type":"ImageObject","inLanguage":"en-US","@id":"https:\/\/www.greenpeace.org\/usa\/amazon-deforestation-alerts-record-312km%c2%b2-for-march-2022-and-hit-highest-quarterly-rate\/#primaryimage","url":"https:\/\/www.greenpeace.org\/static\/planet4-usa-stateless\/2024\/11\/14b0aa2e-gp0stpoe5-amazon-brazil-hero.jpg","contentUrl":"https:\/\/www.greenpeace.org\/static\/planet4-usa-stateless\/2024\/11\/14b0aa2e-gp0stpoe5-amazon-brazil-hero.jpg","width":800,"height":532},{"@type":"BreadcrumbList","@id":"https:\/\/www.greenpeace.org\/usa\/amazon-deforestation-alerts-record-312km%c2%b2-for-march-2022-and-hit-highest-quarterly-rate\/#breadcrumb","itemListElement":[{"@type":"ListItem","position":1,"name":"Home","item":"https:\/\/www.greenpeace.org\/usa\/"},{"@type":"ListItem","position":2,"name":"Amazon deforestation alerts record 312km\u00b2 for March 2022 and hit highest quarterly rate"}]},{"@type":"WebSite","@id":"https:\/\/www.greenpeace.org\/usa\/#website","url":"https:\/\/www.greenpeace.org\/usa\/","name":"Greenpeace USA","description":"Greenpeace","publisher":{"@id":"https:\/\/www.greenpeace.org\/usa\/#organization"},"potentialAction":[{"@type":"SearchAction","target":{"@type":"EntryPoint","urlTemplate":"https:\/\/www.greenpeace.org\/usa\/?s={search_term_string}"},"query-input":{"@type":"PropertyValueSpecification","valueRequired":true,"valueName":"search_term_string"}}],"inLanguage":"en-US"},{"@type":"Organization","@id":"https:\/\/www.greenpeace.org\/usa\/#organization","name":"Greenpeace USA","url":"https:\/\/www.greenpeace.org\/usa\/","logo":{"@type":"ImageObject","inLanguage":"en-US","@id":"https:\/\/www.greenpeace.org\/usa\/#\/schema\/logo\/image\/","url":"https:\/\/www.greenpeace.org\/static\/planet4-usa-stateless\/2024\/11\/cd951b96-greenpeace-logo-1.png","contentUrl":"https:\/\/www.greenpeace.org\/static\/planet4-usa-stateless\/2024\/11\/cd951b96-greenpeace-logo-1.png","width":299,"height":51,"caption":"Greenpeace USA"},"image":{"@id":"https:\/\/www.greenpeace.org\/usa\/#\/schema\/logo\/image\/"},"sameAs":["https:\/\/www.facebook.com\/greenpeaceusa","https:\/\/x.com\/greenpeaceusa","https:\/\/www.instagram.com\/greenpeaceusa\/"],"description":"Greenpeace USA is committed to transforming the country\u2019s unjust social, environmental, and economic systems from the ground up to address the climate crisis, safeguard our planet for future generations, advance racial justice, and build an economy that puts people over profits.","email":"connect@greenpeace.us","telephone":"1-800-722-6995"},{"@type":"Person","@id":"https:\/\/www.greenpeace.org\/usa\/#\/schema\/person\/a26fda4d58e0feb1ff16209a6aa5b1ed","name":"Katie Nelson","image":{"@type":"ImageObject","inLanguage":"en-US","@id":"https:\/\/www.greenpeace.org\/usa\/#\/schema\/person\/image\/","url":"https:\/\/lh3.googleusercontent.com\/a\/ACg8ocL_3coFKMeZQWra9WK9KBMWZBIXsGcRPkjeb7gQy07QmmCivS9n=s96-c","contentUrl":"https:\/\/lh3.googleusercontent.com\/a\/ACg8ocL_3coFKMeZQWra9WK9KBMWZBIXsGcRPkjeb7gQy07QmmCivS9n=s96-c","caption":"Katie Nelson"},"url":"https:\/\/www.greenpeace.org\/usa\/author\/knelson\/"}]}},"_links":{"self":[{"href":"https:\/\/www.greenpeace.org\/usa\/wp-json\/wp\/v2\/posts\/2979","targetHints":{"allow":["GET"]}}],"collection":[{"href":"https:\/\/www.greenpeace.org\/usa\/wp-json\/wp\/v2\/posts"}],"about":[{"href":"https:\/\/www.greenpeace.org\/usa\/wp-json\/wp\/v2\/types\/post"}],"author":[{"embeddable":true,"href":"https:\/\/www.greenpeace.org\/usa\/wp-json\/wp\/v2\/users\/68"}],"replies":[{"embeddable":true,"href":"https:\/\/www.greenpeace.org\/usa\/wp-json\/wp\/v2\/comments?post=2979"}],"version-history":[{"count":4,"href":"https:\/\/www.greenpeace.org\/usa\/wp-json\/wp\/v2\/posts\/2979\/revisions"}],"predecessor-version":[{"id":14106,"href":"https:\/\/www.greenpeace.org\/usa\/wp-json\/wp\/v2\/posts\/2979\/revisions\/14106"}],"wp:featuredmedia":[{"embeddable":true,"href":"https:\/\/www.greenpeace.org\/usa\/wp-json\/wp\/v2\/media\/5580"}],"wp:attachment":[{"href":"https:\/\/www.greenpeace.org\/usa\/wp-json\/wp\/v2\/media?parent=2979"}],"wp:term":[{"taxonomy":"category","embeddable":true,"href":"https:\/\/www.greenpeace.org\/usa\/wp-json\/wp\/v2\/categories?post=2979"},{"taxonomy":"post_tag","embeddable":true,"href":"https:\/\/www.greenpeace.org\/usa\/wp-json\/wp\/v2\/tags?post=2979"},{"taxonomy":"p4-page-type","embeddable":true,"href":"https:\/\/www.greenpeace.org\/usa\/wp-json\/wp\/v2\/p4-page-type?post=2979"}],"curies":[{"name":"wp","href":"https:\/\/api.w.org\/{rel}","templated":true}]}}