{"id":4137,"date":"2013-09-19T00:00:00","date_gmt":"2013-09-19T00:00:00","guid":{"rendered":"http:\/\/www-prod.greenpeace.org\/usa\/campaign-updates\/4137\/logging-the-amazons-silent-crisis\/"},"modified":"2024-12-09T14:36:21","modified_gmt":"2024-12-09T14:36:21","slug":"logging-the-amazons-silent-crisis","status":"publish","type":"post","link":"https:\/\/www.greenpeace.org\/usa\/logging-the-amazons-silent-crisis\/","title":{"rendered":"Logging: The Amazon&#8217;s Silent Crisis"},"content":{"rendered":"<p><span class='p4descriptive_paragraph'>A two-year Greenpeace investigation has confirmed that logging in the Amazon is still out of control and often taking a predatory form.<\/span><lite-youtube style=\"background-image: url('https:\/\/i.ytimg.com\/vi\/LQvvrv5nCfU\/hqdefault.jpg')\" videoid=\"LQvvrv5nCfU\" params=\"rel=0\"><\/lite-youtube>\n<p>Governance in the timber sector in the Brazilian Amazon is weak and open to exploitation, allowing criminals launder illegal timber as legal with official documentation. It is estimated that in Par\u00e1 state, the largest producer and exporter of timber in Brazil, 78 percent of logging occurring there is illegal. Greenpeace investigated specific cases of the sector\u2019s systemic crime and found links between cases of fraud and the global marketplace. The United States is the largest importer of Brazilian timber. Companies like Lumber Liquidators, the country\u2019s largest national hardwood flooring retailer, have purchased wood from exporters that have bought wood from saw mills that have processed laundered timber.<\/p>\n<p>This investigation below discusses the Brazilian timber sector today and explains how the system is designed to fail and easily defrauded. Then the investigation illustrates on five emblematic case studies of timber laundering on a massive scale that until recently have flown under the radar. The investigation then follows the timber from the forest to the saw mill to the exporter to the U.S., European Union and Israel, where valuable Amazon timber varieties like Ipe are utilized for walkways, piers, hardwood flooring, decking, and siding.<\/p>\n<h2>Explore the Investigation<\/h2>\n<p><strong><a href=\"https:\/\/storage.googleapis.com\/planet4-usa-stateless\/2024\/12\/94375615-silentcrisistimberreport.pdf\" target=\"_blank\" rel=\"noopener noreferrer\">Full Report: The Amazon&#8217;s Silent Crisis<\/a><\/strong><\/p>\n<p><a href=\"https:\/\/storage.googleapis.com\/planet4-usa-stateless\/2024\/12\/93cec0ad-amazonintro.pdf\" target=\"_blank\" rel=\"noopener noreferrer\">Introduction<\/a><\/p>\n<p><a href=\"https:\/\/storage.googleapis.com\/planet4-usa-stateless\/2024\/12\/6ae65e6c-amazon5ways.pdf\" target=\"_blank\" rel=\"noopener noreferrer\">Logging Regulation in Brazil<\/a><\/p>\n<p><a href=\"http:\/\/greenpeace.org\/usa\/Global\/usa\/planet3\/PDFs\/Forests\/AmazonCaseStudy1.pdf\" target=\"_blank\" rel=\"noopener noreferrer\">Case Study\u00a01:\u00a0Virola-Jatob\u00e1 Sustainable Development Project<\/a><\/p>\n<p><a href=\"http:\/\/greenpeace.org\/usa\/Global\/usa\/planet3\/PDFs\/Forests\/AmazonCaseStudy2.pdf\" target=\"_blank\" rel=\"noopener noreferrer\">Case Study\u00a02:\u00a0Agropecu\u00e1ria Vit\u00f3ria R\u00e9gia, SA<\/a><\/p>\n<p><a href=\"https:\/\/storage.googleapis.com\/planet4-usa-stateless\/2024\/12\/2144b97a-amazoncasestudy4.pdf\" target=\"_blank\" rel=\"noopener noreferrer\">Case Study\u00a03:\u00a0Ceser Busnello<\/a><\/p>\n<p><a href=\"https:\/\/storage.googleapis.com\/planet4-usa-stateless\/2024\/12\/2144b97a-amazoncasestudy4.pdf\">Case Study\u00a04:\u00a0<\/a><a href=\"https:\/\/storage.googleapis.com\/planet4-usa-stateless\/2024\/12\/2144b97a-amazoncasestudy4.pdf\">Estate of Violeta Elizabeth Hagmann &amp; the Taperinha Estate<\/a><\/p>\n<p><a href=\"http:\/\/greenpeace.org\/usa\/Global\/usa\/planet3\/PDFs\/Forests\/AmazonCaseStudy5.pdf\" target=\"_blank\" rel=\"noopener noreferrer\">Case Study\u00a05:\u00a0Tecniflora, Ltda<\/a><\/p>\n<p><a href=\"https:\/\/web.archive.org\/web\/20150608161942\/http:\/\/greenpeace.org\/usa\/Global\/usa\/planet3\/PDFs\/Forests\/AmazonUSLacey.pdf\">Amazon Timber in the United States &amp; Lacey Act\u00a0<\/a><\/p>\n<p><a href=\"http:\/\/www.greenpeace.org\/usa\/Global\/usa\/planet3\/PDFs\/Forests\/AmazonUSLacey.pdf\" target=\"_blank\" rel=\"noopener noreferrer\">Amazon Timber in the European Union &amp; EU Timber Regulation<\/a><\/p>\n<p><a href=\"http:\/\/greenpeace.org\/usa\/Global\/usa\/planet3\/PDFs\/Forests\/AmazonIsrael.pdf\" target=\"_blank\" rel=\"noopener noreferrer\">Amazon Timber in Israel<\/a><\/p>\n<p><a href=\"http:\/\/greenpeace.org\/usa\/Global\/usa\/planet3\/PDFs\/Forests\/AmazonDemands.pdf\" target=\"_blank\" rel=\"noopener noreferrer\">Demands &#8212; What must be done to address the problem<\/a><\/p>\n<p><a href=\"http:\/\/greenpeace.org\/\/usa\/Global\/usa\/planet3\/PDFs\/Forests\/AmazonMethodology.pdf\" target=\"_blank\" rel=\"noopener noreferrer\">Methodology<\/a><\/p>\n<p><a href=\"http:\/\/greenpeace.org\/usa\/Global\/usa\/planet3\/PDFs\/Forests\/AmazonGlossary.pdf\" target=\"_blank\" rel=\"noopener noreferrer\">Glossary<\/a><\/p>\n","protected":false},"excerpt":{"rendered":"<p>Governance in the timber sector in the Brazilian Amazon is weak and open to exploitation, allowing criminals launder illegal timber as legal with official documentation. It is estimated that in&hellip;<\/p>\n","protected":false},"author":77,"featured_media":3679,"comment_status":"closed","ping_status":"closed","sticky":false,"template":"","format":"standard","meta":{"om_disable_all_campaigns":false,"ep_exclude_from_search":false,"p4_og_title":"","p4_og_description":"","p4_og_image":"","p4_og_image_id":"","p4_seo_canonical_url":"","p4_campaign_name":"","p4_local_project":"","p4_basket_name":"","p4_department":"","footnotes":""},"categories":[233],"tags":[99,77,54,39],"p4-page-type":[29],"class_list":["post-4137","post","type-post","status-publish","format-standard","has-post-thumbnail","hentry","category-brazil-amazon","tag-forests","tag-deforestation","tag-brazil","tag-amazon","p4-page-type-research"],"yoast_head":"<!-- This site is optimized with the Yoast SEO Premium plugin v23.9 (Yoast SEO v23.9) - https:\/\/yoast.com\/wordpress\/plugins\/seo\/ -->\n<title>Logging: The Amazon&#039;s Silent Crisis - Greenpeace<\/title>\n<meta name=\"robots\" content=\"index, follow, max-snippet:-1, max-image-preview:large, max-video-preview:-1\" \/>\n<link rel=\"canonical\" href=\"https:\/\/www.greenpeace.org\/usa\/logging-the-amazons-silent-crisis\/\" \/>\n<meta property=\"og:locale\" content=\"en_US\" \/>\n<meta property=\"og:type\" content=\"article\" \/>\n<meta property=\"og:title\" content=\"Logging: The Amazon&#039;s Silent Crisis\" \/>\n<meta property=\"og:description\" content=\"Governance in the timber sector in the Brazilian Amazon is weak and open to exploitation, allowing criminals launder illegal timber as legal with official documentation. It is estimated that in&hellip;\" \/>\n<meta property=\"og:url\" content=\"https:\/\/www.greenpeace.org\/usa\/logging-the-amazons-silent-crisis\/\" \/>\n<meta property=\"og:site_name\" content=\"Greenpeace\" \/>\n<meta property=\"article:publisher\" content=\"https:\/\/www.facebook.com\/greenpeaceusa\" \/>\n<meta property=\"article:published_time\" content=\"2013-09-19T00:00:00+00:00\" \/>\n<meta property=\"article:modified_time\" content=\"2024-12-09T14:36:21+00:00\" \/>\n<meta property=\"og:image\" content=\"https:\/\/www.greenpeace.org\/static\/planet4-usa-stateless\/2024\/11\/c7b99a18-amazon-aerial-view-lush.jpg\" \/>\n\t<meta property=\"og:image:width\" content=\"800\" \/>\n\t<meta property=\"og:image:height\" content=\"533\" \/>\n\t<meta property=\"og:image:type\" content=\"image\/jpeg\" \/>\n<meta name=\"twitter:card\" content=\"summary_large_image\" \/>\n<meta name=\"twitter:creator\" content=\"@greenpeaceusa\" \/>\n<meta name=\"twitter:site\" content=\"@greenpeaceusa\" \/>\n<meta name=\"twitter:label1\" content=\"Written by\" \/>\n\t<meta name=\"twitter:data1\" content=\"Greenpeace Staff\" \/>\n\t<meta name=\"twitter:label2\" content=\"Est. reading time\" \/>\n\t<meta name=\"twitter:data2\" content=\"1 minute\" \/>\n<script type=\"application\/ld+json\" class=\"yoast-schema-graph\">{\"@context\":\"https:\/\/schema.org\",\"@graph\":[{\"@type\":\"Article\",\"@id\":\"https:\/\/www.greenpeace.org\/usa\/logging-the-amazons-silent-crisis\/#article\",\"isPartOf\":{\"@id\":\"https:\/\/www.greenpeace.org\/usa\/logging-the-amazons-silent-crisis\/\"},\"author\":{\"name\":\"Greenpeace Staff\",\"@id\":\"https:\/\/www.greenpeace.org\/usa\/#\/schema\/person\/2e289e91a0312e6d4e4d364719a17e24\"},\"headline\":\"Logging: The Amazon&#8217;s Silent Crisis\",\"datePublished\":\"2013-09-19T00:00:00+00:00\",\"dateModified\":\"2024-12-09T14:36:21+00:00\",\"mainEntityOfPage\":{\"@id\":\"https:\/\/www.greenpeace.org\/usa\/logging-the-amazons-silent-crisis\/\"},\"wordCount\":305,\"publisher\":{\"@id\":\"https:\/\/www.greenpeace.org\/usa\/#organization\"},\"image\":{\"@id\":\"https:\/\/www.greenpeace.org\/usa\/logging-the-amazons-silent-crisis\/#primaryimage\"},\"thumbnailUrl\":\"https:\/\/www.greenpeace.org\/static\/planet4-usa-stateless\/2024\/11\/c7b99a18-amazon-aerial-view-lush.jpg\",\"keywords\":[\"Forests\",\"Deforestation\",\"Brazil\",\"Amazon\"],\"articleSection\":[\"Brazilian Amazon\"],\"inLanguage\":\"en-US\"},{\"@type\":\"WebPage\",\"@id\":\"https:\/\/www.greenpeace.org\/usa\/logging-the-amazons-silent-crisis\/\",\"url\":\"https:\/\/www.greenpeace.org\/usa\/logging-the-amazons-silent-crisis\/\",\"name\":\"Logging: The Amazon's Silent Crisis - Greenpeace\",\"isPartOf\":{\"@id\":\"https:\/\/www.greenpeace.org\/usa\/#website\"},\"primaryImageOfPage\":{\"@id\":\"https:\/\/www.greenpeace.org\/usa\/logging-the-amazons-silent-crisis\/#primaryimage\"},\"image\":{\"@id\":\"https:\/\/www.greenpeace.org\/usa\/logging-the-amazons-silent-crisis\/#primaryimage\"},\"thumbnailUrl\":\"https:\/\/www.greenpeace.org\/static\/planet4-usa-stateless\/2024\/11\/c7b99a18-amazon-aerial-view-lush.jpg\",\"datePublished\":\"2013-09-19T00:00:00+00:00\",\"dateModified\":\"2024-12-09T14:36:21+00:00\",\"breadcrumb\":{\"@id\":\"https:\/\/www.greenpeace.org\/usa\/logging-the-amazons-silent-crisis\/#breadcrumb\"},\"inLanguage\":\"en-US\",\"potentialAction\":[{\"@type\":\"ReadAction\",\"target\":[\"https:\/\/www.greenpeace.org\/usa\/logging-the-amazons-silent-crisis\/\"]}]},{\"@type\":\"ImageObject\",\"inLanguage\":\"en-US\",\"@id\":\"https:\/\/www.greenpeace.org\/usa\/logging-the-amazons-silent-crisis\/#primaryimage\",\"url\":\"https:\/\/www.greenpeace.org\/static\/planet4-usa-stateless\/2024\/11\/c7b99a18-amazon-aerial-view-lush.jpg\",\"contentUrl\":\"https:\/\/www.greenpeace.org\/static\/planet4-usa-stateless\/2024\/11\/c7b99a18-amazon-aerial-view-lush.jpg\",\"width\":800,\"height\":533},{\"@type\":\"BreadcrumbList\",\"@id\":\"https:\/\/www.greenpeace.org\/usa\/logging-the-amazons-silent-crisis\/#breadcrumb\",\"itemListElement\":[{\"@type\":\"ListItem\",\"position\":1,\"name\":\"Home\",\"item\":\"https:\/\/www.greenpeace.org\/usa\/\"},{\"@type\":\"ListItem\",\"position\":2,\"name\":\"Logging: The Amazon&#8217;s Silent Crisis\"}]},{\"@type\":\"WebSite\",\"@id\":\"https:\/\/www.greenpeace.org\/usa\/#website\",\"url\":\"https:\/\/www.greenpeace.org\/usa\/\",\"name\":\"Greenpeace USA\",\"description\":\"Greenpeace\",\"publisher\":{\"@id\":\"https:\/\/www.greenpeace.org\/usa\/#organization\"},\"potentialAction\":[{\"@type\":\"SearchAction\",\"target\":{\"@type\":\"EntryPoint\",\"urlTemplate\":\"https:\/\/www.greenpeace.org\/usa\/?s={search_term_string}\"},\"query-input\":{\"@type\":\"PropertyValueSpecification\",\"valueRequired\":true,\"valueName\":\"search_term_string\"}}],\"inLanguage\":\"en-US\"},{\"@type\":\"Organization\",\"@id\":\"https:\/\/www.greenpeace.org\/usa\/#organization\",\"name\":\"Greenpeace USA\",\"url\":\"https:\/\/www.greenpeace.org\/usa\/\",\"logo\":{\"@type\":\"ImageObject\",\"inLanguage\":\"en-US\",\"@id\":\"https:\/\/www.greenpeace.org\/usa\/#\/schema\/logo\/image\/\",\"url\":\"https:\/\/www.greenpeace.org\/static\/planet4-usa-stateless\/2024\/11\/cd951b96-greenpeace-logo-1.png\",\"contentUrl\":\"https:\/\/www.greenpeace.org\/static\/planet4-usa-stateless\/2024\/11\/cd951b96-greenpeace-logo-1.png\",\"width\":299,\"height\":51,\"caption\":\"Greenpeace USA\"},\"image\":{\"@id\":\"https:\/\/www.greenpeace.org\/usa\/#\/schema\/logo\/image\/\"},\"sameAs\":[\"https:\/\/www.facebook.com\/greenpeaceusa\",\"https:\/\/x.com\/greenpeaceusa\",\"https:\/\/www.instagram.com\/greenpeaceusa\/\"],\"description\":\"Greenpeace USA is committed to transforming the country\u2019s unjust social, environmental, and economic systems from the ground up to address the climate crisis, safeguard our planet for future generations, advance racial justice, and build an economy that puts people over profits.\",\"email\":\"connect@greenpeace.us\",\"telephone\":\"1-800-722-6995\"},{\"@type\":\"Person\",\"@id\":\"https:\/\/www.greenpeace.org\/usa\/#\/schema\/person\/2e289e91a0312e6d4e4d364719a17e24\",\"name\":\"Greenpeace Staff\",\"image\":{\"@type\":\"ImageObject\",\"inLanguage\":\"en-US\",\"@id\":\"https:\/\/www.greenpeace.org\/usa\/#\/schema\/person\/image\/\",\"url\":\"https:\/\/secure.gravatar.com\/avatar\/5c8828a85b0f57d915f9c693e00f451bee688c8e2caa340c46172207737764bd?s=96&d=mm&r=g\",\"contentUrl\":\"https:\/\/secure.gravatar.com\/avatar\/5c8828a85b0f57d915f9c693e00f451bee688c8e2caa340c46172207737764bd?s=96&d=mm&r=g\",\"caption\":\"Greenpeace Staff\"},\"url\":\"https:\/\/www.greenpeace.org\/usa\/author\/gpeacestaff\/\"}]}<\/script>\n<!-- \/ Yoast SEO Premium plugin. -->","yoast_head_json":{"title":"Logging: The Amazon's Silent Crisis - Greenpeace","robots":{"index":"index","follow":"follow","max-snippet":"max-snippet:-1","max-image-preview":"max-image-preview:large","max-video-preview":"max-video-preview:-1"},"canonical":"https:\/\/www.greenpeace.org\/usa\/logging-the-amazons-silent-crisis\/","og_locale":"en_US","og_type":"article","og_title":"Logging: The Amazon's Silent Crisis","og_description":"Governance in the timber sector in the Brazilian Amazon is weak and open to exploitation, allowing criminals launder illegal timber as legal with official documentation. It is estimated that in&hellip;","og_url":"https:\/\/www.greenpeace.org\/usa\/logging-the-amazons-silent-crisis\/","og_site_name":"Greenpeace","article_publisher":"https:\/\/www.facebook.com\/greenpeaceusa","article_published_time":"2013-09-19T00:00:00+00:00","article_modified_time":"2024-12-09T14:36:21+00:00","og_image":[{"width":800,"height":533,"url":"https:\/\/www.greenpeace.org\/static\/planet4-usa-stateless\/2024\/11\/c7b99a18-amazon-aerial-view-lush.jpg","type":"image\/jpeg"}],"twitter_card":"summary_large_image","twitter_creator":"@greenpeaceusa","twitter_site":"@greenpeaceusa","twitter_misc":{"Written by":"Greenpeace Staff","Est. reading time":"1 minute"},"schema":{"@context":"https:\/\/schema.org","@graph":[{"@type":"Article","@id":"https:\/\/www.greenpeace.org\/usa\/logging-the-amazons-silent-crisis\/#article","isPartOf":{"@id":"https:\/\/www.greenpeace.org\/usa\/logging-the-amazons-silent-crisis\/"},"author":{"name":"Greenpeace Staff","@id":"https:\/\/www.greenpeace.org\/usa\/#\/schema\/person\/2e289e91a0312e6d4e4d364719a17e24"},"headline":"Logging: The Amazon&#8217;s Silent Crisis","datePublished":"2013-09-19T00:00:00+00:00","dateModified":"2024-12-09T14:36:21+00:00","mainEntityOfPage":{"@id":"https:\/\/www.greenpeace.org\/usa\/logging-the-amazons-silent-crisis\/"},"wordCount":305,"publisher":{"@id":"https:\/\/www.greenpeace.org\/usa\/#organization"},"image":{"@id":"https:\/\/www.greenpeace.org\/usa\/logging-the-amazons-silent-crisis\/#primaryimage"},"thumbnailUrl":"https:\/\/www.greenpeace.org\/static\/planet4-usa-stateless\/2024\/11\/c7b99a18-amazon-aerial-view-lush.jpg","keywords":["Forests","Deforestation","Brazil","Amazon"],"articleSection":["Brazilian Amazon"],"inLanguage":"en-US"},{"@type":"WebPage","@id":"https:\/\/www.greenpeace.org\/usa\/logging-the-amazons-silent-crisis\/","url":"https:\/\/www.greenpeace.org\/usa\/logging-the-amazons-silent-crisis\/","name":"Logging: The Amazon's Silent Crisis - Greenpeace","isPartOf":{"@id":"https:\/\/www.greenpeace.org\/usa\/#website"},"primaryImageOfPage":{"@id":"https:\/\/www.greenpeace.org\/usa\/logging-the-amazons-silent-crisis\/#primaryimage"},"image":{"@id":"https:\/\/www.greenpeace.org\/usa\/logging-the-amazons-silent-crisis\/#primaryimage"},"thumbnailUrl":"https:\/\/www.greenpeace.org\/static\/planet4-usa-stateless\/2024\/11\/c7b99a18-amazon-aerial-view-lush.jpg","datePublished":"2013-09-19T00:00:00+00:00","dateModified":"2024-12-09T14:36:21+00:00","breadcrumb":{"@id":"https:\/\/www.greenpeace.org\/usa\/logging-the-amazons-silent-crisis\/#breadcrumb"},"inLanguage":"en-US","potentialAction":[{"@type":"ReadAction","target":["https:\/\/www.greenpeace.org\/usa\/logging-the-amazons-silent-crisis\/"]}]},{"@type":"ImageObject","inLanguage":"en-US","@id":"https:\/\/www.greenpeace.org\/usa\/logging-the-amazons-silent-crisis\/#primaryimage","url":"https:\/\/www.greenpeace.org\/static\/planet4-usa-stateless\/2024\/11\/c7b99a18-amazon-aerial-view-lush.jpg","contentUrl":"https:\/\/www.greenpeace.org\/static\/planet4-usa-stateless\/2024\/11\/c7b99a18-amazon-aerial-view-lush.jpg","width":800,"height":533},{"@type":"BreadcrumbList","@id":"https:\/\/www.greenpeace.org\/usa\/logging-the-amazons-silent-crisis\/#breadcrumb","itemListElement":[{"@type":"ListItem","position":1,"name":"Home","item":"https:\/\/www.greenpeace.org\/usa\/"},{"@type":"ListItem","position":2,"name":"Logging: The Amazon&#8217;s Silent Crisis"}]},{"@type":"WebSite","@id":"https:\/\/www.greenpeace.org\/usa\/#website","url":"https:\/\/www.greenpeace.org\/usa\/","name":"Greenpeace USA","description":"Greenpeace","publisher":{"@id":"https:\/\/www.greenpeace.org\/usa\/#organization"},"potentialAction":[{"@type":"SearchAction","target":{"@type":"EntryPoint","urlTemplate":"https:\/\/www.greenpeace.org\/usa\/?s={search_term_string}"},"query-input":{"@type":"PropertyValueSpecification","valueRequired":true,"valueName":"search_term_string"}}],"inLanguage":"en-US"},{"@type":"Organization","@id":"https:\/\/www.greenpeace.org\/usa\/#organization","name":"Greenpeace USA","url":"https:\/\/www.greenpeace.org\/usa\/","logo":{"@type":"ImageObject","inLanguage":"en-US","@id":"https:\/\/www.greenpeace.org\/usa\/#\/schema\/logo\/image\/","url":"https:\/\/www.greenpeace.org\/static\/planet4-usa-stateless\/2024\/11\/cd951b96-greenpeace-logo-1.png","contentUrl":"https:\/\/www.greenpeace.org\/static\/planet4-usa-stateless\/2024\/11\/cd951b96-greenpeace-logo-1.png","width":299,"height":51,"caption":"Greenpeace USA"},"image":{"@id":"https:\/\/www.greenpeace.org\/usa\/#\/schema\/logo\/image\/"},"sameAs":["https:\/\/www.facebook.com\/greenpeaceusa","https:\/\/x.com\/greenpeaceusa","https:\/\/www.instagram.com\/greenpeaceusa\/"],"description":"Greenpeace USA is committed to transforming the country\u2019s unjust social, environmental, and economic systems from the ground up to address the climate crisis, safeguard our planet for future generations, advance racial justice, and build an economy that puts people over profits.","email":"connect@greenpeace.us","telephone":"1-800-722-6995"},{"@type":"Person","@id":"https:\/\/www.greenpeace.org\/usa\/#\/schema\/person\/2e289e91a0312e6d4e4d364719a17e24","name":"Greenpeace Staff","image":{"@type":"ImageObject","inLanguage":"en-US","@id":"https:\/\/www.greenpeace.org\/usa\/#\/schema\/person\/image\/","url":"https:\/\/secure.gravatar.com\/avatar\/5c8828a85b0f57d915f9c693e00f451bee688c8e2caa340c46172207737764bd?s=96&d=mm&r=g","contentUrl":"https:\/\/secure.gravatar.com\/avatar\/5c8828a85b0f57d915f9c693e00f451bee688c8e2caa340c46172207737764bd?s=96&d=mm&r=g","caption":"Greenpeace Staff"},"url":"https:\/\/www.greenpeace.org\/usa\/author\/gpeacestaff\/"}]}},"_links":{"self":[{"href":"https:\/\/www.greenpeace.org\/usa\/wp-json\/wp\/v2\/posts\/4137","targetHints":{"allow":["GET"]}}],"collection":[{"href":"https:\/\/www.greenpeace.org\/usa\/wp-json\/wp\/v2\/posts"}],"about":[{"href":"https:\/\/www.greenpeace.org\/usa\/wp-json\/wp\/v2\/types\/post"}],"author":[{"embeddable":true,"href":"https:\/\/www.greenpeace.org\/usa\/wp-json\/wp\/v2\/users\/77"}],"replies":[{"embeddable":true,"href":"https:\/\/www.greenpeace.org\/usa\/wp-json\/wp\/v2\/comments?post=4137"}],"version-history":[{"count":2,"href":"https:\/\/www.greenpeace.org\/usa\/wp-json\/wp\/v2\/posts\/4137\/revisions"}],"predecessor-version":[{"id":11792,"href":"https:\/\/www.greenpeace.org\/usa\/wp-json\/wp\/v2\/posts\/4137\/revisions\/11792"}],"wp:featuredmedia":[{"embeddable":true,"href":"https:\/\/www.greenpeace.org\/usa\/wp-json\/wp\/v2\/media\/3679"}],"wp:attachment":[{"href":"https:\/\/www.greenpeace.org\/usa\/wp-json\/wp\/v2\/media?parent=4137"}],"wp:term":[{"taxonomy":"category","embeddable":true,"href":"https:\/\/www.greenpeace.org\/usa\/wp-json\/wp\/v2\/categories?post=4137"},{"taxonomy":"post_tag","embeddable":true,"href":"https:\/\/www.greenpeace.org\/usa\/wp-json\/wp\/v2\/tags?post=4137"},{"taxonomy":"p4-page-type","embeddable":true,"href":"https:\/\/www.greenpeace.org\/usa\/wp-json\/wp\/v2\/p4-page-type?post=4137"}],"curies":[{"name":"wp","href":"https:\/\/api.w.org\/{rel}","templated":true}]}}